{"id":1005,"date":"2026-03-23T21:37:30","date_gmt":"2026-03-23T21:37:30","guid":{"rendered":"https:\/\/lebellemd.com\/?p=1005"},"modified":"2026-03-23T21:38:04","modified_gmt":"2026-03-23T21:38:04","slug":"nad-facial-en-le-belle-md","status":"publish","type":"post","link":"https:\/\/lebellemd.com\/en\/blog\/nad-facial-en-le-belle-md\/","title":{"rendered":"NAD+ Facial en Le Belle MD"},"content":{"rendered":"<p>Descubre el poder del NAD+ Facial, un tratamiento innovador que ayuda a revitalizar la piel desde el interior, aport\u00e1ndole energ\u00eda, luminosidad y un aspecto m\u00e1s saludable.<\/p>\n\n\n\n<p>El NAD+ es una mol\u00e9cula clave en los procesos de regeneraci\u00f3n celular, por lo que este facial es ideal para combatir los signos de fatiga, mejorar la textura de la piel y devolverle ese brillo natural que tanto se nota.<\/p>\n\n\n\n<p>Revitaliza la piel<br>Aporta luminosidad<br>Mejora la apariencia de cansancio<br>Favorece la regeneraci\u00f3n celular<\/p>\n\n\n\n<p>En Le Belle MD trabajamos con tratamientos modernos y personalizados para ayudarte a lucir una piel m\u00e1s fresca, renovada y llena de vida.<\/p>\n\n\n\n<p>Dale a tu piel un boost de energ\u00eda y luce un glow natural.<\/p>\n\n\n\n<p>Agenda tu cita y descubre los beneficios del NAD+ Facial. <a href=\"https:\/\/www.vagaro.com\/us03\/lebellemd\/book-now\">https:\/\/www.vagaro.com\/us03\/lebellemd\/book-now<\/a><\/p>","protected":false},"excerpt":{"rendered":"<p>Descubre el poder del NAD+ Facial, un tratamiento innovador que ayuda a revitalizar la piel desde el interior, aport\u00e1ndole energ\u00eda, luminosidad y un aspecto m\u00e1s saludable. El NAD+ es una mol\u00e9cula clave en los procesos de regeneraci\u00f3n celular, por lo que este facial es ideal para combatir los signos de fatiga, mejorar la textura de<\/p>","protected":false},"author":1,"featured_media":1006,"comment_status":"closed","ping_status":"closed","sticky":false,"template":"","format":"standard","meta":{"footnotes":""},"categories":[503],"tags":[],"class_list":["post-1005","post","type-post","status-publish","format-standard","has-post-thumbnail","hentry","category-blog"],"yoast_head":"<!-- This site is optimized with the Yoast SEO plugin v24.8.1 - https:\/\/yoast.com\/wordpress\/plugins\/seo\/ -->\n<title>NAD+ Facial en Le Belle MD | Le Belle MD by Karen Paba<\/title>\n<meta name=\"robots\" content=\"index, follow, max-snippet:-1, max-image-preview:large, max-video-preview:-1\" \/>\n<link rel=\"canonical\" href=\"https:\/\/lebellemd.com\/en\/blog\/nad-facial-en-le-belle-md\/\" \/>\n<meta property=\"og:locale\" content=\"en_US\" \/>\n<meta property=\"og:type\" content=\"article\" \/>\n<meta property=\"og:title\" content=\"NAD+ Facial en Le Belle MD | Le Belle MD by Karen Paba\" \/>\n<meta property=\"og:description\" content=\"Descubre el poder del NAD+ Facial, un tratamiento innovador que ayuda a revitalizar la piel desde el interior, aport\u00e1ndole energ\u00eda, luminosidad y un aspecto m\u00e1s saludable. El NAD+ es una mol\u00e9cula clave en los procesos de regeneraci\u00f3n celular, por lo que este facial es ideal para combatir los signos de fatiga, mejorar la textura de\" \/>\n<meta property=\"og:url\" content=\"https:\/\/lebellemd.com\/en\/blog\/nad-facial-en-le-belle-md\/\" \/>\n<meta property=\"og:site_name\" content=\"Le Belle MD by Karen Paba\" \/>\n<meta property=\"article:publisher\" content=\"https:\/\/web.facebook.com\/people\/Le-Belle-MD\/61557739452394\/?_rdc=1&amp;_rdr\" \/>\n<meta property=\"article:published_time\" content=\"2026-03-23T21:37:30+00:00\" \/>\n<meta property=\"article:modified_time\" content=\"2026-03-23T21:38:04+00:00\" \/>\n<meta property=\"og:image\" content=\"https:\/\/lebellemd.com\/wp-content\/uploads\/2026\/03\/Captura-de-pantalla-2026-03-23-163703.jpg\" \/>\n\t<meta property=\"og:image:width\" content=\"568\" \/>\n\t<meta property=\"og:image:height\" content=\"372\" \/>\n\t<meta property=\"og:image:type\" content=\"image\/jpeg\" \/>\n<meta name=\"author\" content=\"arismarca\" \/>\n<meta name=\"twitter:card\" content=\"summary_large_image\" \/>\n<meta name=\"twitter:label1\" content=\"Written by\" \/>\n\t<meta name=\"twitter:data1\" content=\"arismarca\" \/>\n\t<meta name=\"twitter:label2\" content=\"Est. reading time\" \/>\n\t<meta name=\"twitter:data2\" content=\"1 minute\" \/>\n<script type=\"application\/ld+json\" class=\"yoast-schema-graph\">{\"@context\":\"https:\/\/schema.org\",\"@graph\":[{\"@type\":\"Article\",\"@id\":\"https:\/\/lebellemd.com\/blog\/nad-facial-en-le-belle-md\/#article\",\"isPartOf\":{\"@id\":\"https:\/\/lebellemd.com\/blog\/nad-facial-en-le-belle-md\/\"},\"author\":{\"name\":\"arismarca\",\"@id\":\"https:\/\/lebellemd.com\/#\/schema\/person\/3866ed4f1b3c554bac0e4ee56c8b500e\"},\"headline\":\"NAD+ Facial en Le Belle MD\",\"datePublished\":\"2026-03-23T21:37:30+00:00\",\"dateModified\":\"2026-03-23T21:38:04+00:00\",\"mainEntityOfPage\":{\"@id\":\"https:\/\/lebellemd.com\/blog\/nad-facial-en-le-belle-md\/\"},\"wordCount\":144,\"publisher\":{\"@id\":\"https:\/\/lebellemd.com\/#organization\"},\"image\":{\"@id\":\"https:\/\/lebellemd.com\/blog\/nad-facial-en-le-belle-md\/#primaryimage\"},\"thumbnailUrl\":\"https:\/\/lebellemd.com\/wp-content\/uploads\/2026\/03\/Captura-de-pantalla-2026-03-23-163703.jpg\",\"articleSection\":[\"Blog\"],\"inLanguage\":\"en-US\"},{\"@type\":\"WebPage\",\"@id\":\"https:\/\/lebellemd.com\/blog\/nad-facial-en-le-belle-md\/\",\"url\":\"https:\/\/lebellemd.com\/blog\/nad-facial-en-le-belle-md\/\",\"name\":\"NAD+ Facial en Le Belle MD | Le Belle MD by Karen Paba\",\"isPartOf\":{\"@id\":\"https:\/\/lebellemd.com\/#website\"},\"primaryImageOfPage\":{\"@id\":\"https:\/\/lebellemd.com\/blog\/nad-facial-en-le-belle-md\/#primaryimage\"},\"image\":{\"@id\":\"https:\/\/lebellemd.com\/blog\/nad-facial-en-le-belle-md\/#primaryimage\"},\"thumbnailUrl\":\"https:\/\/lebellemd.com\/wp-content\/uploads\/2026\/03\/Captura-de-pantalla-2026-03-23-163703.jpg\",\"datePublished\":\"2026-03-23T21:37:30+00:00\",\"dateModified\":\"2026-03-23T21:38:04+00:00\",\"breadcrumb\":{\"@id\":\"https:\/\/lebellemd.com\/blog\/nad-facial-en-le-belle-md\/#breadcrumb\"},\"inLanguage\":\"en-US\",\"potentialAction\":[{\"@type\":\"ReadAction\",\"target\":[\"https:\/\/lebellemd.com\/blog\/nad-facial-en-le-belle-md\/\"]}]},{\"@type\":\"ImageObject\",\"inLanguage\":\"en-US\",\"@id\":\"https:\/\/lebellemd.com\/blog\/nad-facial-en-le-belle-md\/#primaryimage\",\"url\":\"https:\/\/lebellemd.com\/wp-content\/uploads\/2026\/03\/Captura-de-pantalla-2026-03-23-163703.jpg\",\"contentUrl\":\"https:\/\/lebellemd.com\/wp-content\/uploads\/2026\/03\/Captura-de-pantalla-2026-03-23-163703.jpg\",\"width\":568,\"height\":372},{\"@type\":\"BreadcrumbList\",\"@id\":\"https:\/\/lebellemd.com\/blog\/nad-facial-en-le-belle-md\/#breadcrumb\",\"itemListElement\":[{\"@type\":\"ListItem\",\"position\":1,\"name\":\"Portada\",\"item\":\"https:\/\/lebellemd.com\/\"},{\"@type\":\"ListItem\",\"position\":2,\"name\":\"NAD+ Facial en Le Belle MD\"}]},{\"@type\":\"WebSite\",\"@id\":\"https:\/\/lebellemd.com\/#website\",\"url\":\"https:\/\/lebellemd.com\/\",\"name\":\"Le Belle MD\",\"description\":\"Una nueva dimensi\u00f3n en cuidado de la piel con nuestra gama de servicios especializados en belleza. Desde tratamientos rejuvenecedores hasta depilaci\u00f3n avanzada, \u00a1te ofrecemos lo mejor para realzar tu belleza natural!\",\"publisher\":{\"@id\":\"https:\/\/lebellemd.com\/#organization\"},\"potentialAction\":[{\"@type\":\"SearchAction\",\"target\":{\"@type\":\"EntryPoint\",\"urlTemplate\":\"https:\/\/lebellemd.com\/?s={search_term_string}\"},\"query-input\":{\"@type\":\"PropertyValueSpecification\",\"valueRequired\":true,\"valueName\":\"search_term_string\"}}],\"inLanguage\":\"en-US\"},{\"@type\":\"Organization\",\"@id\":\"https:\/\/lebellemd.com\/#organization\",\"name\":\"Le Belle MD\",\"url\":\"https:\/\/lebellemd.com\/\",\"logo\":{\"@type\":\"ImageObject\",\"inLanguage\":\"en-US\",\"@id\":\"https:\/\/lebellemd.com\/#\/schema\/logo\/image\/\",\"url\":\"https:\/\/lebellemd.com\/wp-content\/uploads\/2024\/04\/logo-original.png\",\"contentUrl\":\"https:\/\/lebellemd.com\/wp-content\/uploads\/2024\/04\/logo-original.png\",\"width\":2364,\"height\":2364,\"caption\":\"Le Belle MD\"},\"image\":{\"@id\":\"https:\/\/lebellemd.com\/#\/schema\/logo\/image\/\"},\"sameAs\":[\"https:\/\/web.facebook.com\/people\/Le-Belle-MD\/61557739452394\/?_rdc=1&_rdr\",\"https:\/\/www.instagram.com\/lebelle.md\/\"]},{\"@type\":\"Person\",\"@id\":\"https:\/\/lebellemd.com\/#\/schema\/person\/3866ed4f1b3c554bac0e4ee56c8b500e\",\"name\":\"arismarca\",\"image\":{\"@type\":\"ImageObject\",\"inLanguage\":\"en-US\",\"@id\":\"https:\/\/lebellemd.com\/#\/schema\/person\/image\/\",\"url\":\"https:\/\/secure.gravatar.com\/avatar\/26bbdb7336d7b5bd45cd2e62af022e4e?s=96&d=mm&r=g\",\"contentUrl\":\"https:\/\/secure.gravatar.com\/avatar\/26bbdb7336d7b5bd45cd2e62af022e4e?s=96&d=mm&r=g\",\"caption\":\"arismarca\"},\"sameAs\":[\"https:\/\/lebellemd.com\"],\"url\":\"https:\/\/lebellemd.com\/en\/author\/arismarca\/\"}]}<\/script>\n<!-- \/ Yoast SEO plugin. -->","yoast_head_json":{"title":"NAD+ Facial en Le Belle MD | Le Belle MD by Karen Paba","robots":{"index":"index","follow":"follow","max-snippet":"max-snippet:-1","max-image-preview":"max-image-preview:large","max-video-preview":"max-video-preview:-1"},"canonical":"https:\/\/lebellemd.com\/en\/blog\/nad-facial-en-le-belle-md\/","og_locale":"en_US","og_type":"article","og_title":"NAD+ Facial en Le Belle MD | Le Belle MD by Karen Paba","og_description":"Descubre el poder del NAD+ Facial, un tratamiento innovador que ayuda a revitalizar la piel desde el interior, aport\u00e1ndole energ\u00eda, luminosidad y un aspecto m\u00e1s saludable. El NAD+ es una mol\u00e9cula clave en los procesos de regeneraci\u00f3n celular, por lo que este facial es ideal para combatir los signos de fatiga, mejorar la textura de","og_url":"https:\/\/lebellemd.com\/en\/blog\/nad-facial-en-le-belle-md\/","og_site_name":"Le Belle MD by Karen Paba","article_publisher":"https:\/\/web.facebook.com\/people\/Le-Belle-MD\/61557739452394\/?_rdc=1&_rdr","article_published_time":"2026-03-23T21:37:30+00:00","article_modified_time":"2026-03-23T21:38:04+00:00","og_image":[{"width":568,"height":372,"url":"https:\/\/lebellemd.com\/wp-content\/uploads\/2026\/03\/Captura-de-pantalla-2026-03-23-163703.jpg","type":"image\/jpeg"}],"author":"arismarca","twitter_card":"summary_large_image","twitter_misc":{"Written by":"arismarca","Est. reading time":"1 minute"},"schema":{"@context":"https:\/\/schema.org","@graph":[{"@type":"Article","@id":"https:\/\/lebellemd.com\/blog\/nad-facial-en-le-belle-md\/#article","isPartOf":{"@id":"https:\/\/lebellemd.com\/blog\/nad-facial-en-le-belle-md\/"},"author":{"name":"arismarca","@id":"https:\/\/lebellemd.com\/#\/schema\/person\/3866ed4f1b3c554bac0e4ee56c8b500e"},"headline":"NAD+ Facial en Le Belle MD","datePublished":"2026-03-23T21:37:30+00:00","dateModified":"2026-03-23T21:38:04+00:00","mainEntityOfPage":{"@id":"https:\/\/lebellemd.com\/blog\/nad-facial-en-le-belle-md\/"},"wordCount":144,"publisher":{"@id":"https:\/\/lebellemd.com\/#organization"},"image":{"@id":"https:\/\/lebellemd.com\/blog\/nad-facial-en-le-belle-md\/#primaryimage"},"thumbnailUrl":"https:\/\/lebellemd.com\/wp-content\/uploads\/2026\/03\/Captura-de-pantalla-2026-03-23-163703.jpg","articleSection":["Blog"],"inLanguage":"en-US"},{"@type":"WebPage","@id":"https:\/\/lebellemd.com\/blog\/nad-facial-en-le-belle-md\/","url":"https:\/\/lebellemd.com\/blog\/nad-facial-en-le-belle-md\/","name":"NAD+ Facial en Le Belle MD | Le Belle MD by Karen Paba","isPartOf":{"@id":"https:\/\/lebellemd.com\/#website"},"primaryImageOfPage":{"@id":"https:\/\/lebellemd.com\/blog\/nad-facial-en-le-belle-md\/#primaryimage"},"image":{"@id":"https:\/\/lebellemd.com\/blog\/nad-facial-en-le-belle-md\/#primaryimage"},"thumbnailUrl":"https:\/\/lebellemd.com\/wp-content\/uploads\/2026\/03\/Captura-de-pantalla-2026-03-23-163703.jpg","datePublished":"2026-03-23T21:37:30+00:00","dateModified":"2026-03-23T21:38:04+00:00","breadcrumb":{"@id":"https:\/\/lebellemd.com\/blog\/nad-facial-en-le-belle-md\/#breadcrumb"},"inLanguage":"en-US","potentialAction":[{"@type":"ReadAction","target":["https:\/\/lebellemd.com\/blog\/nad-facial-en-le-belle-md\/"]}]},{"@type":"ImageObject","inLanguage":"en-US","@id":"https:\/\/lebellemd.com\/blog\/nad-facial-en-le-belle-md\/#primaryimage","url":"https:\/\/lebellemd.com\/wp-content\/uploads\/2026\/03\/Captura-de-pantalla-2026-03-23-163703.jpg","contentUrl":"https:\/\/lebellemd.com\/wp-content\/uploads\/2026\/03\/Captura-de-pantalla-2026-03-23-163703.jpg","width":568,"height":372},{"@type":"BreadcrumbList","@id":"https:\/\/lebellemd.com\/blog\/nad-facial-en-le-belle-md\/#breadcrumb","itemListElement":[{"@type":"ListItem","position":1,"name":"Portada","item":"https:\/\/lebellemd.com\/"},{"@type":"ListItem","position":2,"name":"NAD+ Facial en Le Belle MD"}]},{"@type":"WebSite","@id":"https:\/\/lebellemd.com\/#website","url":"https:\/\/lebellemd.com\/","name":"Le Belle MD","description":"Una nueva dimensi\u00f3n en cuidado de la piel con nuestra gama de servicios especializados en belleza. Desde tratamientos rejuvenecedores hasta depilaci\u00f3n avanzada, \u00a1te ofrecemos lo mejor para realzar tu belleza natural!","publisher":{"@id":"https:\/\/lebellemd.com\/#organization"},"potentialAction":[{"@type":"SearchAction","target":{"@type":"EntryPoint","urlTemplate":"https:\/\/lebellemd.com\/?s={search_term_string}"},"query-input":{"@type":"PropertyValueSpecification","valueRequired":true,"valueName":"search_term_string"}}],"inLanguage":"en-US"},{"@type":"Organization","@id":"https:\/\/lebellemd.com\/#organization","name":"Le Belle MD","url":"https:\/\/lebellemd.com\/","logo":{"@type":"ImageObject","inLanguage":"en-US","@id":"https:\/\/lebellemd.com\/#\/schema\/logo\/image\/","url":"https:\/\/lebellemd.com\/wp-content\/uploads\/2024\/04\/logo-original.png","contentUrl":"https:\/\/lebellemd.com\/wp-content\/uploads\/2024\/04\/logo-original.png","width":2364,"height":2364,"caption":"Le Belle MD"},"image":{"@id":"https:\/\/lebellemd.com\/#\/schema\/logo\/image\/"},"sameAs":["https:\/\/web.facebook.com\/people\/Le-Belle-MD\/61557739452394\/?_rdc=1&_rdr","https:\/\/www.instagram.com\/lebelle.md\/"]},{"@type":"Person","@id":"https:\/\/lebellemd.com\/#\/schema\/person\/3866ed4f1b3c554bac0e4ee56c8b500e","name":"arismarca","image":{"@type":"ImageObject","inLanguage":"en-US","@id":"https:\/\/lebellemd.com\/#\/schema\/person\/image\/","url":"https:\/\/secure.gravatar.com\/avatar\/26bbdb7336d7b5bd45cd2e62af022e4e?s=96&d=mm&r=g","contentUrl":"https:\/\/secure.gravatar.com\/avatar\/26bbdb7336d7b5bd45cd2e62af022e4e?s=96&d=mm&r=g","caption":"arismarca"},"sameAs":["https:\/\/lebellemd.com"],"url":"https:\/\/lebellemd.com\/en\/author\/arismarca\/"}]}},"_links":{"self":[{"href":"https:\/\/lebellemd.com\/en\/wp-json\/wp\/v2\/posts\/1005","targetHints":{"allow":["GET"]}}],"collection":[{"href":"https:\/\/lebellemd.com\/en\/wp-json\/wp\/v2\/posts"}],"about":[{"href":"https:\/\/lebellemd.com\/en\/wp-json\/wp\/v2\/types\/post"}],"author":[{"embeddable":true,"href":"https:\/\/lebellemd.com\/en\/wp-json\/wp\/v2\/users\/1"}],"replies":[{"embeddable":true,"href":"https:\/\/lebellemd.com\/en\/wp-json\/wp\/v2\/comments?post=1005"}],"version-history":[{"count":1,"href":"https:\/\/lebellemd.com\/en\/wp-json\/wp\/v2\/posts\/1005\/revisions"}],"predecessor-version":[{"id":1007,"href":"https:\/\/lebellemd.com\/en\/wp-json\/wp\/v2\/posts\/1005\/revisions\/1007"}],"wp:featuredmedia":[{"embeddable":true,"href":"https:\/\/lebellemd.com\/en\/wp-json\/wp\/v2\/media\/1006"}],"wp:attachment":[{"href":"https:\/\/lebellemd.com\/en\/wp-json\/wp\/v2\/media?parent=1005"}],"wp:term":[{"taxonomy":"category","embeddable":true,"href":"https:\/\/lebellemd.com\/en\/wp-json\/wp\/v2\/categories?post=1005"},{"taxonomy":"post_tag","embeddable":true,"href":"https:\/\/lebellemd.com\/en\/wp-json\/wp\/v2\/tags?post=1005"}],"curies":[{"name":"wp","href":"https:\/\/api.w.org\/{rel}","templated":true}]}}