{"id":1041,"date":"2026-04-20T14:36:37","date_gmt":"2026-04-20T14:36:37","guid":{"rendered":"https:\/\/lebellemd.com\/?p=1041"},"modified":"2026-04-23T14:39:21","modified_gmt":"2026-04-23T14:39:21","slug":"el-pasado-viernes-10-de-abril-celebramos-con-gran-alegria-nuestro-2do-aniversario-en-le-belle-md","status":"publish","type":"post","link":"https:\/\/lebellemd.com\/en\/blog\/el-pasado-viernes-10-de-abril-celebramos-con-gran-alegria-nuestro-2do-aniversario-en-le-belle-md\/","title":{"rendered":"El pasado viernes 10 de abril celebramos con gran alegr\u00eda nuestro 2do aniversario en LE BELLE MD"},"content":{"rendered":"<p>Fue una noche especial en la que compartimos junto a nuestro equipo, clientes, colaboradores y amigos, agradeciendo cada momento que hemos construido juntos.<\/p>\n\n\n\n<p>Una celebraci\u00f3n inspirada en nuestro mayor prop\u00f3sito: el cuidado, la belleza y el bienestar del ser humano. Porque m\u00e1s que un espacio, somos ese lugar donde entendemos lo que te hace \u00fanico.<\/p>\n\n\n\n<p>Porque solo aqu\u00ed sabemos cu\u00e1l es tu mejor secreto\u2026 LE BELLE MD.<\/p>\n\n\n\n<p>te esperamos en le belle miami para tenderte como lo mereces, agenda tu cita hoy <a href=\"https:\/\/www.vagaro.com\/us03\/lebellemd\/book-now\">https:\/\/www.vagaro.com\/us03\/lebellemd\/book-now<\/a><\/p>","protected":false},"excerpt":{"rendered":"<p>Fue una noche especial en la que compartimos junto a nuestro equipo, clientes, colaboradores y amigos, agradeciendo cada momento que hemos construido juntos. Una celebraci\u00f3n inspirada en nuestro mayor prop\u00f3sito: el cuidado, la belleza y el bienestar del ser humano. Porque m\u00e1s que un espacio, somos ese lugar donde entendemos lo que te hace \u00fanico.<\/p>","protected":false},"author":1,"featured_media":1042,"comment_status":"closed","ping_status":"closed","sticky":false,"template":"","format":"standard","meta":{"footnotes":""},"categories":[503],"tags":[],"class_list":["post-1041","post","type-post","status-publish","format-standard","has-post-thumbnail","hentry","category-blog"],"yoast_head":"<!-- This site is optimized with the Yoast SEO plugin v24.8.1 - https:\/\/yoast.com\/wordpress\/plugins\/seo\/ -->\n<title>El pasado viernes 10 de abril celebramos con gran alegr\u00eda nuestro 2do aniversario en LE BELLE MD | Le Belle MD by Karen Paba<\/title>\n<meta name=\"robots\" content=\"index, follow, max-snippet:-1, max-image-preview:large, max-video-preview:-1\" \/>\n<link rel=\"canonical\" href=\"https:\/\/lebellemd.com\/en\/blog\/el-pasado-viernes-10-de-abril-celebramos-con-gran-alegria-nuestro-2do-aniversario-en-le-belle-md\/\" \/>\n<meta property=\"og:locale\" content=\"en_US\" \/>\n<meta property=\"og:type\" content=\"article\" \/>\n<meta property=\"og:title\" content=\"El pasado viernes 10 de abril celebramos con gran alegr\u00eda nuestro 2do aniversario en LE BELLE MD | Le Belle MD by Karen Paba\" \/>\n<meta property=\"og:description\" content=\"Fue una noche especial en la que compartimos junto a nuestro equipo, clientes, colaboradores y amigos, agradeciendo cada momento que hemos construido juntos. Una celebraci\u00f3n inspirada en nuestro mayor prop\u00f3sito: el cuidado, la belleza y el bienestar del ser humano. Porque m\u00e1s que un espacio, somos ese lugar donde entendemos lo que te hace \u00fanico.\" \/>\n<meta property=\"og:url\" content=\"https:\/\/lebellemd.com\/en\/blog\/el-pasado-viernes-10-de-abril-celebramos-con-gran-alegria-nuestro-2do-aniversario-en-le-belle-md\/\" \/>\n<meta property=\"og:site_name\" content=\"Le Belle MD by Karen Paba\" \/>\n<meta property=\"article:publisher\" content=\"https:\/\/web.facebook.com\/people\/Le-Belle-MD\/61557739452394\/?_rdc=1&amp;_rdr\" \/>\n<meta property=\"article:published_time\" content=\"2026-04-20T14:36:37+00:00\" \/>\n<meta property=\"article:modified_time\" content=\"2026-04-23T14:39:21+00:00\" \/>\n<meta property=\"og:image\" content=\"https:\/\/lebellemd.com\/wp-content\/uploads\/2026\/04\/Captura-de-pantalla-2026-04-23-093857.jpg\" \/>\n\t<meta property=\"og:image:width\" content=\"753\" \/>\n\t<meta property=\"og:image:height\" content=\"551\" \/>\n\t<meta property=\"og:image:type\" content=\"image\/jpeg\" \/>\n<meta name=\"author\" content=\"arismarca\" \/>\n<meta name=\"twitter:card\" content=\"summary_large_image\" \/>\n<meta name=\"twitter:label1\" content=\"Written by\" \/>\n\t<meta name=\"twitter:data1\" content=\"arismarca\" \/>\n\t<meta name=\"twitter:label2\" content=\"Est. reading time\" \/>\n\t<meta name=\"twitter:data2\" content=\"1 minute\" \/>\n<script type=\"application\/ld+json\" class=\"yoast-schema-graph\">{\"@context\":\"https:\/\/schema.org\",\"@graph\":[{\"@type\":\"Article\",\"@id\":\"https:\/\/lebellemd.com\/blog\/el-pasado-viernes-10-de-abril-celebramos-con-gran-alegria-nuestro-2do-aniversario-en-le-belle-md\/#article\",\"isPartOf\":{\"@id\":\"https:\/\/lebellemd.com\/blog\/el-pasado-viernes-10-de-abril-celebramos-con-gran-alegria-nuestro-2do-aniversario-en-le-belle-md\/\"},\"author\":{\"name\":\"arismarca\",\"@id\":\"https:\/\/lebellemd.com\/#\/schema\/person\/3866ed4f1b3c554bac0e4ee56c8b500e\"},\"headline\":\"El pasado viernes 10 de abril celebramos con gran alegr\u00eda nuestro 2do aniversario en LE BELLE MD\",\"datePublished\":\"2026-04-20T14:36:37+00:00\",\"dateModified\":\"2026-04-23T14:39:21+00:00\",\"mainEntityOfPage\":{\"@id\":\"https:\/\/lebellemd.com\/blog\/el-pasado-viernes-10-de-abril-celebramos-con-gran-alegria-nuestro-2do-aniversario-en-le-belle-md\/\"},\"wordCount\":110,\"publisher\":{\"@id\":\"https:\/\/lebellemd.com\/#organization\"},\"image\":{\"@id\":\"https:\/\/lebellemd.com\/blog\/el-pasado-viernes-10-de-abril-celebramos-con-gran-alegria-nuestro-2do-aniversario-en-le-belle-md\/#primaryimage\"},\"thumbnailUrl\":\"https:\/\/lebellemd.com\/wp-content\/uploads\/2026\/04\/Captura-de-pantalla-2026-04-23-093857.jpg\",\"articleSection\":[\"Blog\"],\"inLanguage\":\"en-US\"},{\"@type\":\"WebPage\",\"@id\":\"https:\/\/lebellemd.com\/blog\/el-pasado-viernes-10-de-abril-celebramos-con-gran-alegria-nuestro-2do-aniversario-en-le-belle-md\/\",\"url\":\"https:\/\/lebellemd.com\/blog\/el-pasado-viernes-10-de-abril-celebramos-con-gran-alegria-nuestro-2do-aniversario-en-le-belle-md\/\",\"name\":\"El pasado viernes 10 de abril celebramos con gran alegr\u00eda nuestro 2do aniversario en LE BELLE MD | Le Belle MD by Karen Paba\",\"isPartOf\":{\"@id\":\"https:\/\/lebellemd.com\/#website\"},\"primaryImageOfPage\":{\"@id\":\"https:\/\/lebellemd.com\/blog\/el-pasado-viernes-10-de-abril-celebramos-con-gran-alegria-nuestro-2do-aniversario-en-le-belle-md\/#primaryimage\"},\"image\":{\"@id\":\"https:\/\/lebellemd.com\/blog\/el-pasado-viernes-10-de-abril-celebramos-con-gran-alegria-nuestro-2do-aniversario-en-le-belle-md\/#primaryimage\"},\"thumbnailUrl\":\"https:\/\/lebellemd.com\/wp-content\/uploads\/2026\/04\/Captura-de-pantalla-2026-04-23-093857.jpg\",\"datePublished\":\"2026-04-20T14:36:37+00:00\",\"dateModified\":\"2026-04-23T14:39:21+00:00\",\"breadcrumb\":{\"@id\":\"https:\/\/lebellemd.com\/blog\/el-pasado-viernes-10-de-abril-celebramos-con-gran-alegria-nuestro-2do-aniversario-en-le-belle-md\/#breadcrumb\"},\"inLanguage\":\"en-US\",\"potentialAction\":[{\"@type\":\"ReadAction\",\"target\":[\"https:\/\/lebellemd.com\/blog\/el-pasado-viernes-10-de-abril-celebramos-con-gran-alegria-nuestro-2do-aniversario-en-le-belle-md\/\"]}]},{\"@type\":\"ImageObject\",\"inLanguage\":\"en-US\",\"@id\":\"https:\/\/lebellemd.com\/blog\/el-pasado-viernes-10-de-abril-celebramos-con-gran-alegria-nuestro-2do-aniversario-en-le-belle-md\/#primaryimage\",\"url\":\"https:\/\/lebellemd.com\/wp-content\/uploads\/2026\/04\/Captura-de-pantalla-2026-04-23-093857.jpg\",\"contentUrl\":\"https:\/\/lebellemd.com\/wp-content\/uploads\/2026\/04\/Captura-de-pantalla-2026-04-23-093857.jpg\",\"width\":753,\"height\":551},{\"@type\":\"BreadcrumbList\",\"@id\":\"https:\/\/lebellemd.com\/blog\/el-pasado-viernes-10-de-abril-celebramos-con-gran-alegria-nuestro-2do-aniversario-en-le-belle-md\/#breadcrumb\",\"itemListElement\":[{\"@type\":\"ListItem\",\"position\":1,\"name\":\"Portada\",\"item\":\"https:\/\/lebellemd.com\/\"},{\"@type\":\"ListItem\",\"position\":2,\"name\":\"El pasado viernes 10 de abril celebramos con gran alegr\u00eda nuestro 2do aniversario en LE BELLE MD\"}]},{\"@type\":\"WebSite\",\"@id\":\"https:\/\/lebellemd.com\/#website\",\"url\":\"https:\/\/lebellemd.com\/\",\"name\":\"Le Belle MD\",\"description\":\"Una nueva dimensi\u00f3n en cuidado de la piel con nuestra gama de servicios especializados en belleza. Desde tratamientos rejuvenecedores hasta depilaci\u00f3n avanzada, \u00a1te ofrecemos lo mejor para realzar tu belleza natural!\",\"publisher\":{\"@id\":\"https:\/\/lebellemd.com\/#organization\"},\"potentialAction\":[{\"@type\":\"SearchAction\",\"target\":{\"@type\":\"EntryPoint\",\"urlTemplate\":\"https:\/\/lebellemd.com\/?s={search_term_string}\"},\"query-input\":{\"@type\":\"PropertyValueSpecification\",\"valueRequired\":true,\"valueName\":\"search_term_string\"}}],\"inLanguage\":\"en-US\"},{\"@type\":\"Organization\",\"@id\":\"https:\/\/lebellemd.com\/#organization\",\"name\":\"Le Belle MD\",\"url\":\"https:\/\/lebellemd.com\/\",\"logo\":{\"@type\":\"ImageObject\",\"inLanguage\":\"en-US\",\"@id\":\"https:\/\/lebellemd.com\/#\/schema\/logo\/image\/\",\"url\":\"https:\/\/lebellemd.com\/wp-content\/uploads\/2024\/04\/logo-original.png\",\"contentUrl\":\"https:\/\/lebellemd.com\/wp-content\/uploads\/2024\/04\/logo-original.png\",\"width\":2364,\"height\":2364,\"caption\":\"Le Belle MD\"},\"image\":{\"@id\":\"https:\/\/lebellemd.com\/#\/schema\/logo\/image\/\"},\"sameAs\":[\"https:\/\/web.facebook.com\/people\/Le-Belle-MD\/61557739452394\/?_rdc=1&_rdr\",\"https:\/\/www.instagram.com\/lebelle.md\/\"]},{\"@type\":\"Person\",\"@id\":\"https:\/\/lebellemd.com\/#\/schema\/person\/3866ed4f1b3c554bac0e4ee56c8b500e\",\"name\":\"arismarca\",\"image\":{\"@type\":\"ImageObject\",\"inLanguage\":\"en-US\",\"@id\":\"https:\/\/lebellemd.com\/#\/schema\/person\/image\/\",\"url\":\"https:\/\/secure.gravatar.com\/avatar\/26bbdb7336d7b5bd45cd2e62af022e4e?s=96&d=mm&r=g\",\"contentUrl\":\"https:\/\/secure.gravatar.com\/avatar\/26bbdb7336d7b5bd45cd2e62af022e4e?s=96&d=mm&r=g\",\"caption\":\"arismarca\"},\"sameAs\":[\"https:\/\/lebellemd.com\"],\"url\":\"https:\/\/lebellemd.com\/en\/author\/arismarca\/\"}]}<\/script>\n<!-- \/ Yoast SEO plugin. -->","yoast_head_json":{"title":"El pasado viernes 10 de abril celebramos con gran alegr\u00eda nuestro 2do aniversario en LE BELLE MD | Le Belle MD by Karen Paba","robots":{"index":"index","follow":"follow","max-snippet":"max-snippet:-1","max-image-preview":"max-image-preview:large","max-video-preview":"max-video-preview:-1"},"canonical":"https:\/\/lebellemd.com\/en\/blog\/el-pasado-viernes-10-de-abril-celebramos-con-gran-alegria-nuestro-2do-aniversario-en-le-belle-md\/","og_locale":"en_US","og_type":"article","og_title":"El pasado viernes 10 de abril celebramos con gran alegr\u00eda nuestro 2do aniversario en LE BELLE MD | Le Belle MD by Karen Paba","og_description":"Fue una noche especial en la que compartimos junto a nuestro equipo, clientes, colaboradores y amigos, agradeciendo cada momento que hemos construido juntos. Una celebraci\u00f3n inspirada en nuestro mayor prop\u00f3sito: el cuidado, la belleza y el bienestar del ser humano. Porque m\u00e1s que un espacio, somos ese lugar donde entendemos lo que te hace \u00fanico.","og_url":"https:\/\/lebellemd.com\/en\/blog\/el-pasado-viernes-10-de-abril-celebramos-con-gran-alegria-nuestro-2do-aniversario-en-le-belle-md\/","og_site_name":"Le Belle MD by Karen Paba","article_publisher":"https:\/\/web.facebook.com\/people\/Le-Belle-MD\/61557739452394\/?_rdc=1&_rdr","article_published_time":"2026-04-20T14:36:37+00:00","article_modified_time":"2026-04-23T14:39:21+00:00","og_image":[{"width":753,"height":551,"url":"https:\/\/lebellemd.com\/wp-content\/uploads\/2026\/04\/Captura-de-pantalla-2026-04-23-093857.jpg","type":"image\/jpeg"}],"author":"arismarca","twitter_card":"summary_large_image","twitter_misc":{"Written by":"arismarca","Est. reading time":"1 minute"},"schema":{"@context":"https:\/\/schema.org","@graph":[{"@type":"Article","@id":"https:\/\/lebellemd.com\/blog\/el-pasado-viernes-10-de-abril-celebramos-con-gran-alegria-nuestro-2do-aniversario-en-le-belle-md\/#article","isPartOf":{"@id":"https:\/\/lebellemd.com\/blog\/el-pasado-viernes-10-de-abril-celebramos-con-gran-alegria-nuestro-2do-aniversario-en-le-belle-md\/"},"author":{"name":"arismarca","@id":"https:\/\/lebellemd.com\/#\/schema\/person\/3866ed4f1b3c554bac0e4ee56c8b500e"},"headline":"El pasado viernes 10 de abril celebramos con gran alegr\u00eda nuestro 2do aniversario en LE BELLE MD","datePublished":"2026-04-20T14:36:37+00:00","dateModified":"2026-04-23T14:39:21+00:00","mainEntityOfPage":{"@id":"https:\/\/lebellemd.com\/blog\/el-pasado-viernes-10-de-abril-celebramos-con-gran-alegria-nuestro-2do-aniversario-en-le-belle-md\/"},"wordCount":110,"publisher":{"@id":"https:\/\/lebellemd.com\/#organization"},"image":{"@id":"https:\/\/lebellemd.com\/blog\/el-pasado-viernes-10-de-abril-celebramos-con-gran-alegria-nuestro-2do-aniversario-en-le-belle-md\/#primaryimage"},"thumbnailUrl":"https:\/\/lebellemd.com\/wp-content\/uploads\/2026\/04\/Captura-de-pantalla-2026-04-23-093857.jpg","articleSection":["Blog"],"inLanguage":"en-US"},{"@type":"WebPage","@id":"https:\/\/lebellemd.com\/blog\/el-pasado-viernes-10-de-abril-celebramos-con-gran-alegria-nuestro-2do-aniversario-en-le-belle-md\/","url":"https:\/\/lebellemd.com\/blog\/el-pasado-viernes-10-de-abril-celebramos-con-gran-alegria-nuestro-2do-aniversario-en-le-belle-md\/","name":"El pasado viernes 10 de abril celebramos con gran alegr\u00eda nuestro 2do aniversario en LE BELLE MD | Le Belle MD by Karen Paba","isPartOf":{"@id":"https:\/\/lebellemd.com\/#website"},"primaryImageOfPage":{"@id":"https:\/\/lebellemd.com\/blog\/el-pasado-viernes-10-de-abril-celebramos-con-gran-alegria-nuestro-2do-aniversario-en-le-belle-md\/#primaryimage"},"image":{"@id":"https:\/\/lebellemd.com\/blog\/el-pasado-viernes-10-de-abril-celebramos-con-gran-alegria-nuestro-2do-aniversario-en-le-belle-md\/#primaryimage"},"thumbnailUrl":"https:\/\/lebellemd.com\/wp-content\/uploads\/2026\/04\/Captura-de-pantalla-2026-04-23-093857.jpg","datePublished":"2026-04-20T14:36:37+00:00","dateModified":"2026-04-23T14:39:21+00:00","breadcrumb":{"@id":"https:\/\/lebellemd.com\/blog\/el-pasado-viernes-10-de-abril-celebramos-con-gran-alegria-nuestro-2do-aniversario-en-le-belle-md\/#breadcrumb"},"inLanguage":"en-US","potentialAction":[{"@type":"ReadAction","target":["https:\/\/lebellemd.com\/blog\/el-pasado-viernes-10-de-abril-celebramos-con-gran-alegria-nuestro-2do-aniversario-en-le-belle-md\/"]}]},{"@type":"ImageObject","inLanguage":"en-US","@id":"https:\/\/lebellemd.com\/blog\/el-pasado-viernes-10-de-abril-celebramos-con-gran-alegria-nuestro-2do-aniversario-en-le-belle-md\/#primaryimage","url":"https:\/\/lebellemd.com\/wp-content\/uploads\/2026\/04\/Captura-de-pantalla-2026-04-23-093857.jpg","contentUrl":"https:\/\/lebellemd.com\/wp-content\/uploads\/2026\/04\/Captura-de-pantalla-2026-04-23-093857.jpg","width":753,"height":551},{"@type":"BreadcrumbList","@id":"https:\/\/lebellemd.com\/blog\/el-pasado-viernes-10-de-abril-celebramos-con-gran-alegria-nuestro-2do-aniversario-en-le-belle-md\/#breadcrumb","itemListElement":[{"@type":"ListItem","position":1,"name":"Portada","item":"https:\/\/lebellemd.com\/"},{"@type":"ListItem","position":2,"name":"El pasado viernes 10 de abril celebramos con gran alegr\u00eda nuestro 2do aniversario en LE BELLE MD"}]},{"@type":"WebSite","@id":"https:\/\/lebellemd.com\/#website","url":"https:\/\/lebellemd.com\/","name":"Le Belle MD","description":"Una nueva dimensi\u00f3n en cuidado de la piel con nuestra gama de servicios especializados en belleza. Desde tratamientos rejuvenecedores hasta depilaci\u00f3n avanzada, \u00a1te ofrecemos lo mejor para realzar tu belleza natural!","publisher":{"@id":"https:\/\/lebellemd.com\/#organization"},"potentialAction":[{"@type":"SearchAction","target":{"@type":"EntryPoint","urlTemplate":"https:\/\/lebellemd.com\/?s={search_term_string}"},"query-input":{"@type":"PropertyValueSpecification","valueRequired":true,"valueName":"search_term_string"}}],"inLanguage":"en-US"},{"@type":"Organization","@id":"https:\/\/lebellemd.com\/#organization","name":"Le Belle MD","url":"https:\/\/lebellemd.com\/","logo":{"@type":"ImageObject","inLanguage":"en-US","@id":"https:\/\/lebellemd.com\/#\/schema\/logo\/image\/","url":"https:\/\/lebellemd.com\/wp-content\/uploads\/2024\/04\/logo-original.png","contentUrl":"https:\/\/lebellemd.com\/wp-content\/uploads\/2024\/04\/logo-original.png","width":2364,"height":2364,"caption":"Le Belle MD"},"image":{"@id":"https:\/\/lebellemd.com\/#\/schema\/logo\/image\/"},"sameAs":["https:\/\/web.facebook.com\/people\/Le-Belle-MD\/61557739452394\/?_rdc=1&_rdr","https:\/\/www.instagram.com\/lebelle.md\/"]},{"@type":"Person","@id":"https:\/\/lebellemd.com\/#\/schema\/person\/3866ed4f1b3c554bac0e4ee56c8b500e","name":"arismarca","image":{"@type":"ImageObject","inLanguage":"en-US","@id":"https:\/\/lebellemd.com\/#\/schema\/person\/image\/","url":"https:\/\/secure.gravatar.com\/avatar\/26bbdb7336d7b5bd45cd2e62af022e4e?s=96&d=mm&r=g","contentUrl":"https:\/\/secure.gravatar.com\/avatar\/26bbdb7336d7b5bd45cd2e62af022e4e?s=96&d=mm&r=g","caption":"arismarca"},"sameAs":["https:\/\/lebellemd.com"],"url":"https:\/\/lebellemd.com\/en\/author\/arismarca\/"}]}},"_links":{"self":[{"href":"https:\/\/lebellemd.com\/en\/wp-json\/wp\/v2\/posts\/1041","targetHints":{"allow":["GET"]}}],"collection":[{"href":"https:\/\/lebellemd.com\/en\/wp-json\/wp\/v2\/posts"}],"about":[{"href":"https:\/\/lebellemd.com\/en\/wp-json\/wp\/v2\/types\/post"}],"author":[{"embeddable":true,"href":"https:\/\/lebellemd.com\/en\/wp-json\/wp\/v2\/users\/1"}],"replies":[{"embeddable":true,"href":"https:\/\/lebellemd.com\/en\/wp-json\/wp\/v2\/comments?post=1041"}],"version-history":[{"count":1,"href":"https:\/\/lebellemd.com\/en\/wp-json\/wp\/v2\/posts\/1041\/revisions"}],"predecessor-version":[{"id":1043,"href":"https:\/\/lebellemd.com\/en\/wp-json\/wp\/v2\/posts\/1041\/revisions\/1043"}],"wp:featuredmedia":[{"embeddable":true,"href":"https:\/\/lebellemd.com\/en\/wp-json\/wp\/v2\/media\/1042"}],"wp:attachment":[{"href":"https:\/\/lebellemd.com\/en\/wp-json\/wp\/v2\/media?parent=1041"}],"wp:term":[{"taxonomy":"category","embeddable":true,"href":"https:\/\/lebellemd.com\/en\/wp-json\/wp\/v2\/categories?post=1041"},{"taxonomy":"post_tag","embeddable":true,"href":"https:\/\/lebellemd.com\/en\/wp-json\/wp\/v2\/tags?post=1041"}],"curies":[{"name":"wp","href":"https:\/\/api.w.org\/{rel}","templated":true}]}}