{"id":549,"date":"2025-05-24T19:51:53","date_gmt":"2025-05-24T19:51:53","guid":{"rendered":"https:\/\/lebellemd.com\/?p=549"},"modified":"2025-05-24T19:51:55","modified_gmt":"2025-05-24T19:51:55","slug":"es-importante-cuidar-nuestras-cejas-en-le-belle-te-contamos-el-porque-lo-es","status":"publish","type":"post","link":"https:\/\/lebellemd.com\/en\/blog\/es-importante-cuidar-nuestras-cejas-en-le-belle-te-contamos-el-porque-lo-es\/","title":{"rendered":"\u00bfEs importante cuidar nuestras cejas?, en Le Belle te contamos el porque lo es"},"content":{"rendered":"<p>Las cejas no solo son un detalle m\u00e1s del rostro: son protagonistas. Enmarcan la mirada, definen la expresi\u00f3n y pueden transformar por completo tu imagen. Por eso, en Le Belle queremos recordarte que el cuidado de tus cejas no es un lujo, sino parte esencial de tu rutina de belleza.<\/p>\n\n\n\n<ol class=\"wp-block-list\">\n<li>Equilibran y realzan tus rasgos faciales<br>Un dise\u00f1o adecuado de cejas puede suavizar l\u00edneas, resaltar tus ojos y darle armon\u00eda a tu rostro. No todas las formas de cejas le quedan bien a todos los rostros, y aqu\u00ed es donde entra la experiencia de un profesional.<\/li>\n\n\n\n<li>Evitas da\u00f1os y errores permanentes<br>Depilarse mal, eliminar demasiado vello o seguir modas sin gu\u00eda profesional puede causar asimetr\u00edas o p\u00e9rdida del vello en zonas clave. En Le Belle, trabajamos con precisi\u00f3n y respeto por tu forma natural, cuidando cada detalle.<\/li>\n\n\n\n<li>T\u00e9cnicas y productos adecuados para tu piel<br>Cada tipo de piel necesita un trato especial. Nuestro equipo utiliza m\u00e9todos seguros como depilaci\u00f3n con hilo, pinza o cera espec\u00edfica, adem\u00e1s de productos hipoalerg\u00e9nicos y herramientas esterilizadas para evitar irritaciones o infecciones.<\/li>\n\n\n\n<li>Asesor\u00eda personalizada para un resultado duradero<br>En Le Belle, te ayudamos a descubrir el estilo que mejor va contigo. Adem\u00e1s, te ense\u00f1amos c\u00f3mo mantener tus cejas en casa con los cuidados correctos, sin poner en riesgo su forma ni su salud.<\/li>\n\n\n\n<li>Belleza con confianza<br>Cuando tus cejas est\u00e1n bien cuidadas, tu rostro lo refleja. No solo se trata de est\u00e9tica, sino de sentirte segura, natural y hermosa cada d\u00eda.<\/li>\n<\/ol>\n\n\n\n<p>\u00bfLista para darle a tus cejas el cuidado que merecen? En Le Belle estamos para ayudarte a resaltar tu belleza con elegancia y precisi\u00f3n. <a href=\"https:\/\/www.vagaro.com\/us03\/lebellemd\/book-now\">https:\/\/www.vagaro.com\/us03\/lebellemd\/book-now<\/a><\/p>","protected":false},"excerpt":{"rendered":"<p>Las cejas no solo son un detalle m\u00e1s del rostro: son protagonistas. Enmarcan la mirada, definen la expresi\u00f3n y pueden transformar por completo tu imagen. Por eso, en Le Belle queremos recordarte que el cuidado de tus cejas no es un lujo, sino parte esencial de tu rutina de belleza. \u00bfLista para darle a tus<\/p>","protected":false},"author":1,"featured_media":550,"comment_status":"closed","ping_status":"closed","sticky":false,"template":"","format":"standard","meta":{"footnotes":""},"categories":[503],"tags":[],"class_list":["post-549","post","type-post","status-publish","format-standard","has-post-thumbnail","hentry","category-blog"],"yoast_head":"<!-- This site is optimized with the Yoast SEO plugin v24.8.1 - https:\/\/yoast.com\/wordpress\/plugins\/seo\/ -->\n<title>\u00bfEs importante cuidar nuestras cejas?, en Le Belle te contamos el porque lo es | Le Belle MD by Karen Paba<\/title>\n<meta name=\"robots\" content=\"index, follow, max-snippet:-1, max-image-preview:large, max-video-preview:-1\" \/>\n<link rel=\"canonical\" href=\"https:\/\/lebellemd.com\/en\/blog\/es-importante-cuidar-nuestras-cejas-en-le-belle-te-contamos-el-porque-lo-es\/\" \/>\n<meta property=\"og:locale\" content=\"en_US\" \/>\n<meta property=\"og:type\" content=\"article\" \/>\n<meta property=\"og:title\" content=\"\u00bfEs importante cuidar nuestras cejas?, en Le Belle te contamos el porque lo es | Le Belle MD by Karen Paba\" \/>\n<meta property=\"og:description\" content=\"Las cejas no solo son un detalle m\u00e1s del rostro: son protagonistas. Enmarcan la mirada, definen la expresi\u00f3n y pueden transformar por completo tu imagen. Por eso, en Le Belle queremos recordarte que el cuidado de tus cejas no es un lujo, sino parte esencial de tu rutina de belleza. \u00bfLista para darle a tus\" \/>\n<meta property=\"og:url\" content=\"https:\/\/lebellemd.com\/en\/blog\/es-importante-cuidar-nuestras-cejas-en-le-belle-te-contamos-el-porque-lo-es\/\" \/>\n<meta property=\"og:site_name\" content=\"Le Belle MD by Karen Paba\" \/>\n<meta property=\"article:publisher\" content=\"https:\/\/web.facebook.com\/people\/Le-Belle-MD\/61557739452394\/?_rdc=1&amp;_rdr\" \/>\n<meta property=\"article:published_time\" content=\"2025-05-24T19:51:53+00:00\" \/>\n<meta property=\"article:modified_time\" content=\"2025-05-24T19:51:55+00:00\" \/>\n<meta property=\"og:image\" content=\"https:\/\/lebellemd.com\/wp-content\/uploads\/2025\/05\/Captura-de-pantalla-2025-05-24-145115.jpg\" \/>\n\t<meta property=\"og:image:width\" content=\"341\" \/>\n\t<meta property=\"og:image:height\" content=\"339\" \/>\n\t<meta property=\"og:image:type\" content=\"image\/jpeg\" \/>\n<meta name=\"author\" content=\"arismarca\" \/>\n<meta name=\"twitter:card\" content=\"summary_large_image\" \/>\n<meta name=\"twitter:label1\" content=\"Written by\" \/>\n\t<meta name=\"twitter:data1\" content=\"arismarca\" \/>\n\t<meta name=\"twitter:label2\" content=\"Est. reading time\" \/>\n\t<meta name=\"twitter:data2\" content=\"2 minutes\" \/>\n<script type=\"application\/ld+json\" class=\"yoast-schema-graph\">{\"@context\":\"https:\/\/schema.org\",\"@graph\":[{\"@type\":\"Article\",\"@id\":\"https:\/\/lebellemd.com\/blog\/es-importante-cuidar-nuestras-cejas-en-le-belle-te-contamos-el-porque-lo-es\/#article\",\"isPartOf\":{\"@id\":\"https:\/\/lebellemd.com\/blog\/es-importante-cuidar-nuestras-cejas-en-le-belle-te-contamos-el-porque-lo-es\/\"},\"author\":{\"name\":\"arismarca\",\"@id\":\"https:\/\/lebellemd.com\/#\/schema\/person\/3866ed4f1b3c554bac0e4ee56c8b500e\"},\"headline\":\"\u00bfEs importante cuidar nuestras cejas?, en Le Belle te contamos el porque lo es\",\"datePublished\":\"2025-05-24T19:51:53+00:00\",\"dateModified\":\"2025-05-24T19:51:55+00:00\",\"mainEntityOfPage\":{\"@id\":\"https:\/\/lebellemd.com\/blog\/es-importante-cuidar-nuestras-cejas-en-le-belle-te-contamos-el-porque-lo-es\/\"},\"wordCount\":310,\"publisher\":{\"@id\":\"https:\/\/lebellemd.com\/#organization\"},\"image\":{\"@id\":\"https:\/\/lebellemd.com\/blog\/es-importante-cuidar-nuestras-cejas-en-le-belle-te-contamos-el-porque-lo-es\/#primaryimage\"},\"thumbnailUrl\":\"https:\/\/lebellemd.com\/wp-content\/uploads\/2025\/05\/Captura-de-pantalla-2025-05-24-145115.jpg\",\"articleSection\":[\"Blog\"],\"inLanguage\":\"en-US\"},{\"@type\":\"WebPage\",\"@id\":\"https:\/\/lebellemd.com\/blog\/es-importante-cuidar-nuestras-cejas-en-le-belle-te-contamos-el-porque-lo-es\/\",\"url\":\"https:\/\/lebellemd.com\/blog\/es-importante-cuidar-nuestras-cejas-en-le-belle-te-contamos-el-porque-lo-es\/\",\"name\":\"\u00bfEs importante cuidar nuestras cejas?, en Le Belle te contamos el porque lo es | Le Belle MD by Karen Paba\",\"isPartOf\":{\"@id\":\"https:\/\/lebellemd.com\/#website\"},\"primaryImageOfPage\":{\"@id\":\"https:\/\/lebellemd.com\/blog\/es-importante-cuidar-nuestras-cejas-en-le-belle-te-contamos-el-porque-lo-es\/#primaryimage\"},\"image\":{\"@id\":\"https:\/\/lebellemd.com\/blog\/es-importante-cuidar-nuestras-cejas-en-le-belle-te-contamos-el-porque-lo-es\/#primaryimage\"},\"thumbnailUrl\":\"https:\/\/lebellemd.com\/wp-content\/uploads\/2025\/05\/Captura-de-pantalla-2025-05-24-145115.jpg\",\"datePublished\":\"2025-05-24T19:51:53+00:00\",\"dateModified\":\"2025-05-24T19:51:55+00:00\",\"breadcrumb\":{\"@id\":\"https:\/\/lebellemd.com\/blog\/es-importante-cuidar-nuestras-cejas-en-le-belle-te-contamos-el-porque-lo-es\/#breadcrumb\"},\"inLanguage\":\"en-US\",\"potentialAction\":[{\"@type\":\"ReadAction\",\"target\":[\"https:\/\/lebellemd.com\/blog\/es-importante-cuidar-nuestras-cejas-en-le-belle-te-contamos-el-porque-lo-es\/\"]}]},{\"@type\":\"ImageObject\",\"inLanguage\":\"en-US\",\"@id\":\"https:\/\/lebellemd.com\/blog\/es-importante-cuidar-nuestras-cejas-en-le-belle-te-contamos-el-porque-lo-es\/#primaryimage\",\"url\":\"https:\/\/lebellemd.com\/wp-content\/uploads\/2025\/05\/Captura-de-pantalla-2025-05-24-145115.jpg\",\"contentUrl\":\"https:\/\/lebellemd.com\/wp-content\/uploads\/2025\/05\/Captura-de-pantalla-2025-05-24-145115.jpg\",\"width\":341,\"height\":339},{\"@type\":\"BreadcrumbList\",\"@id\":\"https:\/\/lebellemd.com\/blog\/es-importante-cuidar-nuestras-cejas-en-le-belle-te-contamos-el-porque-lo-es\/#breadcrumb\",\"itemListElement\":[{\"@type\":\"ListItem\",\"position\":1,\"name\":\"Portada\",\"item\":\"https:\/\/lebellemd.com\/\"},{\"@type\":\"ListItem\",\"position\":2,\"name\":\"\u00bfEs importante cuidar nuestras cejas?, en Le Belle te contamos el porque lo es\"}]},{\"@type\":\"WebSite\",\"@id\":\"https:\/\/lebellemd.com\/#website\",\"url\":\"https:\/\/lebellemd.com\/\",\"name\":\"Le Belle MD\",\"description\":\"Una nueva dimensi\u00f3n en cuidado de la piel con nuestra gama de servicios especializados en belleza. Desde tratamientos rejuvenecedores hasta depilaci\u00f3n avanzada, \u00a1te ofrecemos lo mejor para realzar tu belleza natural!\",\"publisher\":{\"@id\":\"https:\/\/lebellemd.com\/#organization\"},\"potentialAction\":[{\"@type\":\"SearchAction\",\"target\":{\"@type\":\"EntryPoint\",\"urlTemplate\":\"https:\/\/lebellemd.com\/?s={search_term_string}\"},\"query-input\":{\"@type\":\"PropertyValueSpecification\",\"valueRequired\":true,\"valueName\":\"search_term_string\"}}],\"inLanguage\":\"en-US\"},{\"@type\":\"Organization\",\"@id\":\"https:\/\/lebellemd.com\/#organization\",\"name\":\"Le Belle MD\",\"url\":\"https:\/\/lebellemd.com\/\",\"logo\":{\"@type\":\"ImageObject\",\"inLanguage\":\"en-US\",\"@id\":\"https:\/\/lebellemd.com\/#\/schema\/logo\/image\/\",\"url\":\"https:\/\/lebellemd.com\/wp-content\/uploads\/2024\/04\/logo-original.png\",\"contentUrl\":\"https:\/\/lebellemd.com\/wp-content\/uploads\/2024\/04\/logo-original.png\",\"width\":2364,\"height\":2364,\"caption\":\"Le Belle MD\"},\"image\":{\"@id\":\"https:\/\/lebellemd.com\/#\/schema\/logo\/image\/\"},\"sameAs\":[\"https:\/\/web.facebook.com\/people\/Le-Belle-MD\/61557739452394\/?_rdc=1&_rdr\",\"https:\/\/www.instagram.com\/lebelle.md\/\"]},{\"@type\":\"Person\",\"@id\":\"https:\/\/lebellemd.com\/#\/schema\/person\/3866ed4f1b3c554bac0e4ee56c8b500e\",\"name\":\"arismarca\",\"image\":{\"@type\":\"ImageObject\",\"inLanguage\":\"en-US\",\"@id\":\"https:\/\/lebellemd.com\/#\/schema\/person\/image\/\",\"url\":\"https:\/\/secure.gravatar.com\/avatar\/26bbdb7336d7b5bd45cd2e62af022e4e?s=96&d=mm&r=g\",\"contentUrl\":\"https:\/\/secure.gravatar.com\/avatar\/26bbdb7336d7b5bd45cd2e62af022e4e?s=96&d=mm&r=g\",\"caption\":\"arismarca\"},\"sameAs\":[\"https:\/\/lebellemd.com\"],\"url\":\"https:\/\/lebellemd.com\/en\/author\/arismarca\/\"}]}<\/script>\n<!-- \/ Yoast SEO plugin. -->","yoast_head_json":{"title":"\u00bfEs importante cuidar nuestras cejas?, en Le Belle te contamos el porque lo es | Le Belle MD by Karen Paba","robots":{"index":"index","follow":"follow","max-snippet":"max-snippet:-1","max-image-preview":"max-image-preview:large","max-video-preview":"max-video-preview:-1"},"canonical":"https:\/\/lebellemd.com\/en\/blog\/es-importante-cuidar-nuestras-cejas-en-le-belle-te-contamos-el-porque-lo-es\/","og_locale":"en_US","og_type":"article","og_title":"\u00bfEs importante cuidar nuestras cejas?, en Le Belle te contamos el porque lo es | Le Belle MD by Karen Paba","og_description":"Las cejas no solo son un detalle m\u00e1s del rostro: son protagonistas. Enmarcan la mirada, definen la expresi\u00f3n y pueden transformar por completo tu imagen. Por eso, en Le Belle queremos recordarte que el cuidado de tus cejas no es un lujo, sino parte esencial de tu rutina de belleza. \u00bfLista para darle a tus","og_url":"https:\/\/lebellemd.com\/en\/blog\/es-importante-cuidar-nuestras-cejas-en-le-belle-te-contamos-el-porque-lo-es\/","og_site_name":"Le Belle MD by Karen Paba","article_publisher":"https:\/\/web.facebook.com\/people\/Le-Belle-MD\/61557739452394\/?_rdc=1&_rdr","article_published_time":"2025-05-24T19:51:53+00:00","article_modified_time":"2025-05-24T19:51:55+00:00","og_image":[{"width":341,"height":339,"url":"https:\/\/lebellemd.com\/wp-content\/uploads\/2025\/05\/Captura-de-pantalla-2025-05-24-145115.jpg","type":"image\/jpeg"}],"author":"arismarca","twitter_card":"summary_large_image","twitter_misc":{"Written by":"arismarca","Est. reading time":"2 minutes"},"schema":{"@context":"https:\/\/schema.org","@graph":[{"@type":"Article","@id":"https:\/\/lebellemd.com\/blog\/es-importante-cuidar-nuestras-cejas-en-le-belle-te-contamos-el-porque-lo-es\/#article","isPartOf":{"@id":"https:\/\/lebellemd.com\/blog\/es-importante-cuidar-nuestras-cejas-en-le-belle-te-contamos-el-porque-lo-es\/"},"author":{"name":"arismarca","@id":"https:\/\/lebellemd.com\/#\/schema\/person\/3866ed4f1b3c554bac0e4ee56c8b500e"},"headline":"\u00bfEs importante cuidar nuestras cejas?, en Le Belle te contamos el porque lo es","datePublished":"2025-05-24T19:51:53+00:00","dateModified":"2025-05-24T19:51:55+00:00","mainEntityOfPage":{"@id":"https:\/\/lebellemd.com\/blog\/es-importante-cuidar-nuestras-cejas-en-le-belle-te-contamos-el-porque-lo-es\/"},"wordCount":310,"publisher":{"@id":"https:\/\/lebellemd.com\/#organization"},"image":{"@id":"https:\/\/lebellemd.com\/blog\/es-importante-cuidar-nuestras-cejas-en-le-belle-te-contamos-el-porque-lo-es\/#primaryimage"},"thumbnailUrl":"https:\/\/lebellemd.com\/wp-content\/uploads\/2025\/05\/Captura-de-pantalla-2025-05-24-145115.jpg","articleSection":["Blog"],"inLanguage":"en-US"},{"@type":"WebPage","@id":"https:\/\/lebellemd.com\/blog\/es-importante-cuidar-nuestras-cejas-en-le-belle-te-contamos-el-porque-lo-es\/","url":"https:\/\/lebellemd.com\/blog\/es-importante-cuidar-nuestras-cejas-en-le-belle-te-contamos-el-porque-lo-es\/","name":"\u00bfEs importante cuidar nuestras cejas?, en Le Belle te contamos el porque lo es | Le Belle MD by Karen Paba","isPartOf":{"@id":"https:\/\/lebellemd.com\/#website"},"primaryImageOfPage":{"@id":"https:\/\/lebellemd.com\/blog\/es-importante-cuidar-nuestras-cejas-en-le-belle-te-contamos-el-porque-lo-es\/#primaryimage"},"image":{"@id":"https:\/\/lebellemd.com\/blog\/es-importante-cuidar-nuestras-cejas-en-le-belle-te-contamos-el-porque-lo-es\/#primaryimage"},"thumbnailUrl":"https:\/\/lebellemd.com\/wp-content\/uploads\/2025\/05\/Captura-de-pantalla-2025-05-24-145115.jpg","datePublished":"2025-05-24T19:51:53+00:00","dateModified":"2025-05-24T19:51:55+00:00","breadcrumb":{"@id":"https:\/\/lebellemd.com\/blog\/es-importante-cuidar-nuestras-cejas-en-le-belle-te-contamos-el-porque-lo-es\/#breadcrumb"},"inLanguage":"en-US","potentialAction":[{"@type":"ReadAction","target":["https:\/\/lebellemd.com\/blog\/es-importante-cuidar-nuestras-cejas-en-le-belle-te-contamos-el-porque-lo-es\/"]}]},{"@type":"ImageObject","inLanguage":"en-US","@id":"https:\/\/lebellemd.com\/blog\/es-importante-cuidar-nuestras-cejas-en-le-belle-te-contamos-el-porque-lo-es\/#primaryimage","url":"https:\/\/lebellemd.com\/wp-content\/uploads\/2025\/05\/Captura-de-pantalla-2025-05-24-145115.jpg","contentUrl":"https:\/\/lebellemd.com\/wp-content\/uploads\/2025\/05\/Captura-de-pantalla-2025-05-24-145115.jpg","width":341,"height":339},{"@type":"BreadcrumbList","@id":"https:\/\/lebellemd.com\/blog\/es-importante-cuidar-nuestras-cejas-en-le-belle-te-contamos-el-porque-lo-es\/#breadcrumb","itemListElement":[{"@type":"ListItem","position":1,"name":"Portada","item":"https:\/\/lebellemd.com\/"},{"@type":"ListItem","position":2,"name":"\u00bfEs importante cuidar nuestras cejas?, en Le Belle te contamos el porque lo es"}]},{"@type":"WebSite","@id":"https:\/\/lebellemd.com\/#website","url":"https:\/\/lebellemd.com\/","name":"Le Belle MD","description":"Una nueva dimensi\u00f3n en cuidado de la piel con nuestra gama de servicios especializados en belleza. Desde tratamientos rejuvenecedores hasta depilaci\u00f3n avanzada, \u00a1te ofrecemos lo mejor para realzar tu belleza natural!","publisher":{"@id":"https:\/\/lebellemd.com\/#organization"},"potentialAction":[{"@type":"SearchAction","target":{"@type":"EntryPoint","urlTemplate":"https:\/\/lebellemd.com\/?s={search_term_string}"},"query-input":{"@type":"PropertyValueSpecification","valueRequired":true,"valueName":"search_term_string"}}],"inLanguage":"en-US"},{"@type":"Organization","@id":"https:\/\/lebellemd.com\/#organization","name":"Le Belle MD","url":"https:\/\/lebellemd.com\/","logo":{"@type":"ImageObject","inLanguage":"en-US","@id":"https:\/\/lebellemd.com\/#\/schema\/logo\/image\/","url":"https:\/\/lebellemd.com\/wp-content\/uploads\/2024\/04\/logo-original.png","contentUrl":"https:\/\/lebellemd.com\/wp-content\/uploads\/2024\/04\/logo-original.png","width":2364,"height":2364,"caption":"Le Belle MD"},"image":{"@id":"https:\/\/lebellemd.com\/#\/schema\/logo\/image\/"},"sameAs":["https:\/\/web.facebook.com\/people\/Le-Belle-MD\/61557739452394\/?_rdc=1&_rdr","https:\/\/www.instagram.com\/lebelle.md\/"]},{"@type":"Person","@id":"https:\/\/lebellemd.com\/#\/schema\/person\/3866ed4f1b3c554bac0e4ee56c8b500e","name":"arismarca","image":{"@type":"ImageObject","inLanguage":"en-US","@id":"https:\/\/lebellemd.com\/#\/schema\/person\/image\/","url":"https:\/\/secure.gravatar.com\/avatar\/26bbdb7336d7b5bd45cd2e62af022e4e?s=96&d=mm&r=g","contentUrl":"https:\/\/secure.gravatar.com\/avatar\/26bbdb7336d7b5bd45cd2e62af022e4e?s=96&d=mm&r=g","caption":"arismarca"},"sameAs":["https:\/\/lebellemd.com"],"url":"https:\/\/lebellemd.com\/en\/author\/arismarca\/"}]}},"_links":{"self":[{"href":"https:\/\/lebellemd.com\/en\/wp-json\/wp\/v2\/posts\/549","targetHints":{"allow":["GET"]}}],"collection":[{"href":"https:\/\/lebellemd.com\/en\/wp-json\/wp\/v2\/posts"}],"about":[{"href":"https:\/\/lebellemd.com\/en\/wp-json\/wp\/v2\/types\/post"}],"author":[{"embeddable":true,"href":"https:\/\/lebellemd.com\/en\/wp-json\/wp\/v2\/users\/1"}],"replies":[{"embeddable":true,"href":"https:\/\/lebellemd.com\/en\/wp-json\/wp\/v2\/comments?post=549"}],"version-history":[{"count":1,"href":"https:\/\/lebellemd.com\/en\/wp-json\/wp\/v2\/posts\/549\/revisions"}],"predecessor-version":[{"id":551,"href":"https:\/\/lebellemd.com\/en\/wp-json\/wp\/v2\/posts\/549\/revisions\/551"}],"wp:featuredmedia":[{"embeddable":true,"href":"https:\/\/lebellemd.com\/en\/wp-json\/wp\/v2\/media\/550"}],"wp:attachment":[{"href":"https:\/\/lebellemd.com\/en\/wp-json\/wp\/v2\/media?parent=549"}],"wp:term":[{"taxonomy":"category","embeddable":true,"href":"https:\/\/lebellemd.com\/en\/wp-json\/wp\/v2\/categories?post=549"},{"taxonomy":"post_tag","embeddable":true,"href":"https:\/\/lebellemd.com\/en\/wp-json\/wp\/v2\/tags?post=549"}],"curies":[{"name":"wp","href":"https:\/\/api.w.org\/{rel}","templated":true}]}}